{"id":373,"date":"2021-09-22T12:32:16","date_gmt":"2021-09-22T12:32:16","guid":{"rendered":"https:\/\/mayornet.es\/?p=373"},"modified":"2021-09-22T12:32:16","modified_gmt":"2021-09-22T12:32:16","slug":"mayor-net-entrega-reconocimiento-centro-de-paz-al-colegio-juan-pablo-ii","status":"publish","type":"post","link":"https:\/\/mayornet.es\/cyberbullying\/video\/mayor-net-entrega-reconocimiento-centro-de-paz-al-colegio-juan-pablo-ii\/","title":{"rendered":"Mayor Net entrega reconocimiento Centro de Paz al Colegio Juan Pablo II"},"content":{"rendered":"<p><iframe loading=\"lazy\" title=\"Mayor Net entrega reconocimiento Centro de Paz al Colegio Juan Pablo II\" width=\"640\" height=\"360\" src=\"https:\/\/www.youtube.com\/embed\/XJQB5H2Z-u4?feature=oembed\" frameborder=\"0\" allow=\"accelerometer; autoplay; clipboard-write; encrypted-media; gyroscope; picture-in-picture; web-share\" referrerpolicy=\"strict-origin-when-cross-origin\" allowfullscreen><\/iframe><br \/>\nEn la ma\u00f1ana del 21 de Septiembre, \u00abD\u00eda Internacional de la Paz\u00bb, \u00c1ngel Corbal\u00e1n, presidente de Mayor-Net y embajador de Paz, por la Fundaci\u00f3n Mil Milenios de Paz (Bandera de la Paz), ha acudido a la celebraci\u00f3n de tan se\u00f1alado efem\u00e9ride organizado por la direcci\u00f3n del Colegio San Juan Pablo II, San Pedro, de La L\u00ednea de la Concepci\u00f3n.<\/p>\n<p>El evento comenz\u00f3 a las 10;30, estando presentes por parte del centro escolar:el director del centro, don Juan Jos\u00e9 Fuster, la subdirectora, do\u00f1a Isabel Bianchi, la presidenta del A.M.P.A. y una amplia representaci\u00f3n del alumnado de 4\u00ba de la E.S.O.<\/p>\n<p>Por parte del Excelent\u00edsimo Ayuntamiento de La L\u00ednea de la Concepci\u00f3n, el coordinador de la Oferta Educativa Municipal, don Jaime S\u00e1nchez \u00c1vila.<\/p>\n<p>Fu\u00e9 un evento muy interesante donde tras la presentaci\u00f3n del \u00abembajador de Paz\u00bb, por parte del se\u00f1or director del Colegio Juan Pablo II,  Corbal\u00e1n explic\u00f3 a los presentes en breves l\u00edneas el significado de tan se\u00f1alado d\u00eda, la Importancia de la Fundaci\u00f3n Mil Milenios de Paz, vinculada a la UNESCO, sus valores, sus metas y compromisos que como embajada, obliga con gran satisfacci\u00f3n a Mayor-Net.<\/p>\n<p>Corbal\u00e1n finaliz\u00f3, con la entrega del reconocimiento al Centro Escolar como Centro Escolar de Paz 2021\/22.<\/p>\n<p>A continuaci\u00f3n tambi\u00e9n tambi\u00e9n tomaron la palabra, la subdirectora del centro y la presidenta de la A.M.P.A.<\/p>\n<p>El acto finaliz\u00f3 de manera muy emotiva, donde 4 representantes del alumnado , leyeron el Manifiesto por la Paz, que una vez firmado por la direcci\u00f3n, AMPA, representante de la Delegaci\u00f3n de Educaci\u00f3n Municipal y el embajador de Paz, queda en ese magn\u00edfico centro con un programa muy bien elaborado para llevarlo a la realidad.<\/p>\n<p>Un centro Top, en la comarca y provincia.<\/p>\n<p>       \u201cLa paz no es algo que deseas, es algo que haces.\u201d<\/p>\n","protected":false},"excerpt":{"rendered":"<p>En la ma\u00f1ana del 21 de Septiembre, \u00abD\u00eda Internacional de la Paz\u00bb, \u00c1ngel Corbal\u00e1n, presidente de Mayor-Net y<\/p>\n","protected":false},"author":1,"featured_media":375,"comment_status":"open","ping_status":"open","sticky":false,"template":"","format":"video","meta":{"footnotes":""},"categories":[3,2],"tags":[],"class_list":["post-373","post","type-post","status-publish","format-video","has-post-thumbnail","hentry","category-noticia","category-video","post_format-post-format-video"],"_links":{"self":[{"href":"https:\/\/mayornet.es\/cyberbullying\/wp-json\/wp\/v2\/posts\/373","targetHints":{"allow":["GET"]}}],"collection":[{"href":"https:\/\/mayornet.es\/cyberbullying\/wp-json\/wp\/v2\/posts"}],"about":[{"href":"https:\/\/mayornet.es\/cyberbullying\/wp-json\/wp\/v2\/types\/post"}],"author":[{"embeddable":true,"href":"https:\/\/mayornet.es\/cyberbullying\/wp-json\/wp\/v2\/users\/1"}],"replies":[{"embeddable":true,"href":"https:\/\/mayornet.es\/cyberbullying\/wp-json\/wp\/v2\/comments?post=373"}],"version-history":[{"count":0,"href":"https:\/\/mayornet.es\/cyberbullying\/wp-json\/wp\/v2\/posts\/373\/revisions"}],"wp:featuredmedia":[{"embeddable":true,"href":"https:\/\/mayornet.es\/cyberbullying\/wp-json\/wp\/v2\/media\/375"}],"wp:attachment":[{"href":"https:\/\/mayornet.es\/cyberbullying\/wp-json\/wp\/v2\/media?parent=373"}],"wp:term":[{"taxonomy":"category","embeddable":true,"href":"https:\/\/mayornet.es\/cyberbullying\/wp-json\/wp\/v2\/categories?post=373"},{"taxonomy":"post_tag","embeddable":true,"href":"https:\/\/mayornet.es\/cyberbullying\/wp-json\/wp\/v2\/tags?post=373"}],"curies":[{"name":"wp","href":"https:\/\/api.w.org\/{rel}","templated":true}]}}