{"id":505,"date":"2022-06-20T11:34:40","date_gmt":"2022-06-20T11:34:40","guid":{"rendered":"https:\/\/mayornet.es\/?p=505"},"modified":"2022-06-20T11:35:31","modified_gmt":"2022-06-20T11:35:31","slug":"mayor-net-imparte-actividades-de-prevencion-ciberbullying-en-el-caetaria","status":"publish","type":"post","link":"https:\/\/mayornet.es\/cyberbullying\/mayornet-en-los-medios\/mayor-net-imparte-actividades-de-prevencion-ciberbullying-en-el-caetaria\/","title":{"rendered":"Mayor-Net imparte actividades de prevenci\u00f3n ciberbullying en el Caetaria"},"content":{"rendered":"<p><img loading=\"lazy\" decoding=\"async\" src=\"https:\/\/mayornet.es\/wp-content\/uploads\/2022\/06\/00AEDFB6-5F13-4909-B97F-50066A515341.webp\" alt=\"\" width=\"1810\" height=\"1401\" class=\"alignnone size-full wp-image-506\" srcset=\"https:\/\/mayornet.es\/cyberbullying\/wp-content\/uploads\/2022\/06\/00AEDFB6-5F13-4909-B97F-50066A515341.webp 1810w, https:\/\/mayornet.es\/cyberbullying\/wp-content\/uploads\/2022\/06\/00AEDFB6-5F13-4909-B97F-50066A515341-300x232.webp 300w, https:\/\/mayornet.es\/cyberbullying\/wp-content\/uploads\/2022\/06\/00AEDFB6-5F13-4909-B97F-50066A515341-1024x793.webp 1024w, https:\/\/mayornet.es\/cyberbullying\/wp-content\/uploads\/2022\/06\/00AEDFB6-5F13-4909-B97F-50066A515341-768x594.webp 768w, https:\/\/mayornet.es\/cyberbullying\/wp-content\/uploads\/2022\/06\/00AEDFB6-5F13-4909-B97F-50066A515341-1536x1189.webp 1536w\" sizes=\"auto, (max-width: 1810px) 100vw, 1810px\" \/><br \/>\nDurante la \u00faltima semana a trav\u00e9s de una charla de refuerzo impartida por \u00c1ngel Corbal\u00e1n, director del Proyecto \u201cPrevenci\u00f3n de Bullying y Ciberbullying\u2019\u2019 al alumnado de 5\u00ba de primaria (75), finaliz\u00f3 el ciclo escolar de estas actividades en dicho centro.<\/p>\n<p>Elena Yag\u00fce, directora del C.E.I.P. Caetaria, junto al equipo de docentes, han llevado a cabo una labor muy interesante que ha dado sus frutos al conseguir que este \u00faltimo curso escolar, se ha avanzado mucho en la prevenci\u00f3n de esa lacra qque victimiza a nuestros menores.<\/p>\n<p>Mayor-Net asesora y colabora con este centro y como embajada de paz, apoya al CEIP Caetaria, en la aplicaci\u00f3n de valores como la tolerancia y el respeto, lo que hace que este centro sea un espacio de paz.<\/p>\n","protected":false},"excerpt":{"rendered":"<p>Durante la \u00faltima semana a trav\u00e9s de una charla de refuerzo impartida por \u00c1ngel Corbal\u00e1n, director del Proyecto<\/p>\n","protected":false},"author":1,"featured_media":506,"comment_status":"open","ping_status":"open","sticky":false,"template":"","format":"standard","meta":{"footnotes":""},"categories":[7],"tags":[],"class_list":["post-505","post","type-post","status-publish","format-standard","has-post-thumbnail","hentry","category-mayornet-en-los-medios"],"_links":{"self":[{"href":"https:\/\/mayornet.es\/cyberbullying\/wp-json\/wp\/v2\/posts\/505","targetHints":{"allow":["GET"]}}],"collection":[{"href":"https:\/\/mayornet.es\/cyberbullying\/wp-json\/wp\/v2\/posts"}],"about":[{"href":"https:\/\/mayornet.es\/cyberbullying\/wp-json\/wp\/v2\/types\/post"}],"author":[{"embeddable":true,"href":"https:\/\/mayornet.es\/cyberbullying\/wp-json\/wp\/v2\/users\/1"}],"replies":[{"embeddable":true,"href":"https:\/\/mayornet.es\/cyberbullying\/wp-json\/wp\/v2\/comments?post=505"}],"version-history":[{"count":0,"href":"https:\/\/mayornet.es\/cyberbullying\/wp-json\/wp\/v2\/posts\/505\/revisions"}],"wp:featuredmedia":[{"embeddable":true,"href":"https:\/\/mayornet.es\/cyberbullying\/wp-json\/wp\/v2\/media\/506"}],"wp:attachment":[{"href":"https:\/\/mayornet.es\/cyberbullying\/wp-json\/wp\/v2\/media?parent=505"}],"wp:term":[{"taxonomy":"category","embeddable":true,"href":"https:\/\/mayornet.es\/cyberbullying\/wp-json\/wp\/v2\/categories?post=505"},{"taxonomy":"post_tag","embeddable":true,"href":"https:\/\/mayornet.es\/cyberbullying\/wp-json\/wp\/v2\/tags?post=505"}],"curies":[{"name":"wp","href":"https:\/\/api.w.org\/{rel}","templated":true}]}}