{"id":892,"date":"2024-03-22T21:49:45","date_gmt":"2024-03-22T20:49:45","guid":{"rendered":"https:\/\/mayornet.es\/?p=892"},"modified":"2024-03-22T21:58:40","modified_gmt":"2024-03-22T20:58:40","slug":"22-de-marzo-dia-mundial-del-agua","status":"publish","type":"post","link":"https:\/\/mayornet.es\/cyberbullying\/video\/22-de-marzo-dia-mundial-del-agua\/","title":{"rendered":"22 de Marzo &#8211; D\u00eda Mundial del Agua"},"content":{"rendered":"<p><center><br \/>\n<iframe loading=\"lazy\" title=\"YouTube video player\" src=\"https:\/\/www.youtube.com\/embed\/6cGFqt7hKuQ?si=pfAdOaLRpwcHy4VJ\" width=\"560\" height=\"315\" frameborder=\"0\" allowfullscreen=\"allowfullscreen\"><\/iframe><\/center>&nbsp;<\/p>\n<p>Hoy, 22 de marzo, celebramos el D\u00eda Mundial del Agua, una fecha crucial para reflexionar sobre la importancia de este recurso vital y renovable para nuestra supervivencia y la del planeta en su conjunto. En un mundo donde el acceso al agua limpia es un privilegio para muchos, este d\u00eda nos recuerda la necesidad urgente de conservar y gestionar de manera sostenible nuestros recursos h\u00eddricos.<\/p>\n<p>Mayor-Net, como defensor de la educaci\u00f3n digital y la inclusi\u00f3n social, reconoce la importancia del agua no solo como un recurso esencial para la vida, sino tambi\u00e9n como un componente vital para el bienestar y la salud de las comunidades. Es por eso que nos comprometemos a contribuir, en la medida de nuestras capacidades, a la concienciaci\u00f3n sobre el uso responsable del agua y la promoci\u00f3n de pr\u00e1cticas sostenibles en su gesti\u00f3n.<\/p>\n<p>A trav\u00e9s de nuestros programas educativos y de sensibilizaci\u00f3n, buscamos informar y capacitar a las personas de todas las edades sobre la importancia de conservar el agua y utilizarla de manera eficiente en sus hogares y comunidades. Desde la promoci\u00f3n de peque\u00f1as acciones cotidianas, como cerrar el grifo mientras nos cepillamos los dientes, hasta la participaci\u00f3n en proyectos comunitarios de conservaci\u00f3n del agua, cada uno de nosotros puede marcar la diferencia y contribuir a un futuro m\u00e1s sostenible.<\/p>\n<p>En este D\u00eda Mundial del Agua, instamos a todos a unirse a nosotros en nuestro compromiso con la preservaci\u00f3n de este recurso vital. Juntos, podemos trabajar para garantizar un acceso equitativo al agua limpia y segura para todas las personas, ahora y en las generaciones futuras. \u00a1Cada gota cuenta, y cada acci\u00f3n cuenta!<\/p>\n<p>Desde Mayor-Net, renovamos nuestro compromiso de seguir siendo un aliado en la lucha por la conservaci\u00f3n del agua y la promoci\u00f3n de un mundo m\u00e1s sostenible y justo para todos. \u00a1Feliz D\u00eda Mundial del Agua!<\/p>\n<p>\u00a1SI A LA PAZ!<\/p>\n","protected":false},"excerpt":{"rendered":"<p>&nbsp; Hoy, 22 de marzo, celebramos el D\u00eda Mundial del Agua, una fecha crucial para reflexionar sobre la<\/p>\n","protected":false},"author":1,"featured_media":897,"comment_status":"open","ping_status":"open","sticky":false,"template":"","format":"standard","meta":{"footnotes":""},"categories":[24,2],"tags":[],"class_list":["post-892","post","type-post","status-publish","format-standard","has-post-thumbnail","hentry","category-articulo","category-video"],"_links":{"self":[{"href":"https:\/\/mayornet.es\/cyberbullying\/wp-json\/wp\/v2\/posts\/892","targetHints":{"allow":["GET"]}}],"collection":[{"href":"https:\/\/mayornet.es\/cyberbullying\/wp-json\/wp\/v2\/posts"}],"about":[{"href":"https:\/\/mayornet.es\/cyberbullying\/wp-json\/wp\/v2\/types\/post"}],"author":[{"embeddable":true,"href":"https:\/\/mayornet.es\/cyberbullying\/wp-json\/wp\/v2\/users\/1"}],"replies":[{"embeddable":true,"href":"https:\/\/mayornet.es\/cyberbullying\/wp-json\/wp\/v2\/comments?post=892"}],"version-history":[{"count":0,"href":"https:\/\/mayornet.es\/cyberbullying\/wp-json\/wp\/v2\/posts\/892\/revisions"}],"wp:featuredmedia":[{"embeddable":true,"href":"https:\/\/mayornet.es\/cyberbullying\/wp-json\/wp\/v2\/media\/897"}],"wp:attachment":[{"href":"https:\/\/mayornet.es\/cyberbullying\/wp-json\/wp\/v2\/media?parent=892"}],"wp:term":[{"taxonomy":"category","embeddable":true,"href":"https:\/\/mayornet.es\/cyberbullying\/wp-json\/wp\/v2\/categories?post=892"},{"taxonomy":"post_tag","embeddable":true,"href":"https:\/\/mayornet.es\/cyberbullying\/wp-json\/wp\/v2\/tags?post=892"}],"curies":[{"name":"wp","href":"https:\/\/api.w.org\/{rel}","templated":true}]}}