{"id":905,"date":"2024-04-11T20:06:57","date_gmt":"2024-04-11T19:06:57","guid":{"rendered":"https:\/\/mayornet.es\/?p=905"},"modified":"2024-04-12T21:22:33","modified_gmt":"2024-04-12T20:22:33","slug":"si-a-la-paz-mayor-net-embajada-de-paz-entrega-reconocimientos-en-el-centro-de-participacion-activa-algeciras-ii","status":"publish","type":"post","link":"https:\/\/mayornet.es\/mayoresenlared\/video\/si-a-la-paz-mayor-net-embajada-de-paz-entrega-reconocimientos-en-el-centro-de-participacion-activa-algeciras-ii\/","title":{"rendered":"S\u00cd a La Paz: Mayor-Net, Embajada de Paz, entrega reconocimientos en el Centro de Participaci\u00f3n Activa Algeciras II"},"content":{"rendered":"<p>En la ma\u00f1ana del mi\u00e9rcoles 10 de abril, se llev\u00f3 a cabo un acto por la paz en el Sal\u00f3n de Actos del Centro de Participaci\u00f3n Activa Algeciras II, ubicado en San Jos\u00e9 Artesano.<\/p>\n<p>Durante el evento, Mayor-Net, representada por su presidente, \u00c1ngel Corbal\u00e1n, entreg\u00f3 reconocimientos a los voluntarios monitores de inform\u00e1tica de Mayor-Net que, de manera altruista, brindan ayuda a personas mayores y jubiladas en el Aula Digital de dicho centro. Los reconocidos, entre otros, fueron Don Dami\u00e1n Saavedra y Don Juan Jos\u00e9 Guzm\u00e1n.<\/p>\n<p>Adem\u00e1s, se reconoci\u00f3 a la Junta de Gobierno de dicho centro y a la direcci\u00f3n del Centro de Participaci\u00f3n Activa por promover diversas iniciativas en actividades de ocio y cultura para los adultos mayores y jubilados que acuden diariamente en gran n\u00famero a este lugar de paz.<\/p>\n<p>El director del centro referente de la Comarca del Campo de Gibraltar, Don Antonio Jes\u00fas Rodr\u00edguez, fue quien recibi\u00f3 este reconocimiento junto con la bandera de la paz.<\/p>\n<p>Al finalizar el evento, que cont\u00f3 con una gran asistencia, se coloc\u00f3 la Bandera de la Paz en el Sal\u00f3n de Actos.<\/p>\n<p><center><iframe loading=\"lazy\" title=\"YouTube video player\" src=\"https:\/\/www.youtube.com\/embed\/3GSIWj_yaB0?si=sAYz0JyB6vmjM_qZ\" width=\"560\" height=\"315\" frameborder=\"0\" allowfullscreen=\"allowfullscreen\"><\/iframe><\/center><\/p>\n","protected":false},"excerpt":{"rendered":"<p>En la ma\u00f1ana del mi\u00e9rcoles 10 de abril, se llev\u00f3 a cabo un acto por la paz en el Sal\u00f3n de Actos del Centro de Participaci\u00f3n Activa Algeciras II, ubicado en San Jos\u00e9 Artesano. Durante el evento, Mayor-Net, representada por su presidente, \u00c1ngel Corbal\u00e1n, entreg\u00f3 reconocimientos a los voluntarios monitores de inform\u00e1tica de Mayor-Net que,&#8230;<\/p>\n","protected":false},"author":1,"featured_media":907,"comment_status":"open","ping_status":"open","sticky":false,"template":"","format":"standard","meta":{"footnotes":""},"categories":[3,2],"tags":[],"class_list":["post-905","post","type-post","status-publish","format-standard","has-post-thumbnail","hentry","category-noticia","category-video"],"_links":{"self":[{"href":"https:\/\/mayornet.es\/mayoresenlared\/wp-json\/wp\/v2\/posts\/905","targetHints":{"allow":["GET"]}}],"collection":[{"href":"https:\/\/mayornet.es\/mayoresenlared\/wp-json\/wp\/v2\/posts"}],"about":[{"href":"https:\/\/mayornet.es\/mayoresenlared\/wp-json\/wp\/v2\/types\/post"}],"author":[{"embeddable":true,"href":"https:\/\/mayornet.es\/mayoresenlared\/wp-json\/wp\/v2\/users\/1"}],"replies":[{"embeddable":true,"href":"https:\/\/mayornet.es\/mayoresenlared\/wp-json\/wp\/v2\/comments?post=905"}],"version-history":[{"count":0,"href":"https:\/\/mayornet.es\/mayoresenlared\/wp-json\/wp\/v2\/posts\/905\/revisions"}],"wp:featuredmedia":[{"embeddable":true,"href":"https:\/\/mayornet.es\/mayoresenlared\/wp-json\/wp\/v2\/media\/907"}],"wp:attachment":[{"href":"https:\/\/mayornet.es\/mayoresenlared\/wp-json\/wp\/v2\/media?parent=905"}],"wp:term":[{"taxonomy":"category","embeddable":true,"href":"https:\/\/mayornet.es\/mayoresenlared\/wp-json\/wp\/v2\/categories?post=905"},{"taxonomy":"post_tag","embeddable":true,"href":"https:\/\/mayornet.es\/mayoresenlared\/wp-json\/wp\/v2\/tags?post=905"}],"curies":[{"name":"wp","href":"https:\/\/api.w.org\/{rel}","templated":true}]}}